{"id":54,"date":"2022-04-07T15:30:25","date_gmt":"2022-04-07T18:30:25","guid":{"rendered":"https:\/\/www.enterdesign.com.br\/blog\/?p=54"},"modified":"2022-04-07T17:16:27","modified_gmt":"2022-04-07T20:16:27","slug":"os-caminhos-para-o-desenvolvimento-de-uma-nova-marca","status":"publish","type":"post","link":"https:\/\/www.enterdesign.com.br\/blog\/2022\/04\/07\/os-caminhos-para-o-desenvolvimento-de-uma-nova-marca\/","title":{"rendered":"Os caminhos para o desenvolvimento de uma nova marca"},"content":{"rendered":"\n<p>A maneira como uma empresa se apresenta nem sempre \u00e9 a mesma que o cliente\/usu\u00e1rio a v\u00ea ou percebe. Ao construir uma marca \u00e9 essencial se atentar a percep\u00e7\u00e3o e a experi\u00eancia do p\u00fablico junto \u00e0 institui\u00e7\u00e3o, produto ou servi\u00e7o ofertado por ela. Nosso trabalho consiste justamente em garantir que essa comunica\u00e7\u00e3o seja clara e alinhada ao impacto que uma empresa quer deixar no mundo.<\/p>\n\n\n\n<p><br>A Dra. Fernanda T\u00f3rtima chegou at\u00e9 n\u00f3s com o desejo de criar uma marca que a diferenciasse de outros escrit\u00f3rios, mantendo a atua\u00e7\u00e3o e especializa\u00e7\u00e3o em advocacia contenciosa e criminalista. Durante o processo de estrutura\u00e7\u00e3o desse novo escrit\u00f3rio nasceu a sociedade com o Dr. Cl\u00e1udio Bidino, constituindo o que hoje conhecemos como Bidino &amp; T\u00f3rtima Advogados.<\/p>\n\n\n\n<p><br>Iniciamos este projeto realizando algumas entrevistas com os dois s\u00f3cios, a fim de conhecer melhor as aspira\u00e7\u00f5es e expectativas deles para esse novo empreendimento. Em seguida fizemos um  levantamento sobre os principais concorrentes do escrit\u00f3rio, sendo poss\u00edvel conhecer melhor o mercado e iniciar a cria\u00e7\u00e3o do novo posicionamento e comunica\u00e7\u00e3o estrat\u00e9gica.<\/p>\n\n\n\n<p><br>A pr\u00f3xima etapa foi o desenvolvimento da nova marca e da nova identidade visual. Dentre todas as alternativas geradas ao longo dos nossos estudos, tr\u00eas op\u00e7\u00f5es foram apresentadas para a Dra. Fernanda e o Dr. Cl\u00e1udio, sendo uma delas prontamente escolhida.<\/p>\n\n\n\n<p><\/p>\n\n\n\n<figure class=\"wp-block-image size-large\"><img loading=\"lazy\" decoding=\"async\" width=\"1024\" height=\"307\" src=\"https:\/\/www.enterdesign.com.br\/blog\/wp-content\/uploads\/2022\/04\/Imagem-1-1024x307.png\" alt=\"\" class=\"wp-image-61\" srcset=\"https:\/\/www.enterdesign.com.br\/blog\/wp-content\/uploads\/2022\/04\/Imagem-1-1024x307.png 1024w, https:\/\/www.enterdesign.com.br\/blog\/wp-content\/uploads\/2022\/04\/Imagem-1-300x90.png 300w, https:\/\/www.enterdesign.com.br\/blog\/wp-content\/uploads\/2022\/04\/Imagem-1-768x231.png 768w, https:\/\/www.enterdesign.com.br\/blog\/wp-content\/uploads\/2022\/04\/Imagem-1-1536x461.png 1536w, https:\/\/www.enterdesign.com.br\/blog\/wp-content\/uploads\/2022\/04\/Imagem-1-2048x615.png 2048w, https:\/\/www.enterdesign.com.br\/blog\/wp-content\/uploads\/2022\/04\/Imagem-1-1568x471.png 1568w\" sizes=\"auto, (max-width: 1024px) 100vw, 1024px\" \/><\/figure>\n\n\n\n<p><\/p>\n\n\n\n<p>O s\u00edmbolo foi desenhado a partir de uma desconstru\u00e7\u00e3o das iniciais \u201cB\u201d e \u201cT\u201d de forma moderna e minimalista: seus dois tra\u00e7os representam a ordem, leis, equil\u00edbrio (linha); e sabedoria e vis\u00e3o, com um movimento \u00e0 frente de mergulho (curva).<\/p>\n\n\n\n<p><br>Seu estilo de caneta de pena transmite eleg\u00e2ncia, profissionalismo e capricho. A est\u00e9tica, por sua vez, busca inspira\u00e7\u00e3o em Niemeyer, trazendo um aspecto vanguardista que pode facilmente se ligar \u00e0 atua\u00e7\u00e3o do escrit\u00f3rio, que preza sempre por uma atitude mais moderna.<\/p>\n\n\n\n<figure class=\"wp-block-image size-large\"><img loading=\"lazy\" decoding=\"async\" width=\"1024\" height=\"427\" src=\"https:\/\/www.enterdesign.com.br\/blog\/wp-content\/uploads\/2022\/04\/Imagem-2-1024x427.png\" alt=\"\" class=\"wp-image-62\" srcset=\"https:\/\/www.enterdesign.com.br\/blog\/wp-content\/uploads\/2022\/04\/Imagem-2-1024x427.png 1024w, https:\/\/www.enterdesign.com.br\/blog\/wp-content\/uploads\/2022\/04\/Imagem-2-300x125.png 300w, https:\/\/www.enterdesign.com.br\/blog\/wp-content\/uploads\/2022\/04\/Imagem-2-768x320.png 768w, https:\/\/www.enterdesign.com.br\/blog\/wp-content\/uploads\/2022\/04\/Imagem-2-1536x640.png 1536w, https:\/\/www.enterdesign.com.br\/blog\/wp-content\/uploads\/2022\/04\/Imagem-2-2048x854.png 2048w, https:\/\/www.enterdesign.com.br\/blog\/wp-content\/uploads\/2022\/04\/Imagem-2-1568x654.png 1568w\" sizes=\"auto, (max-width: 1024px) 100vw, 1024px\" \/><\/figure>\n\n\n\n<p>Por se tratar de um elemento minimalista, diversas interpreta\u00e7\u00f5es podem ser projetadas sobre ele; a composi\u00e7\u00e3o foi calculada de forma a garantir que essas interpreta\u00e7\u00f5es sejam positivas, por mais abstratas que possam ser. Por exemplo: algu\u00e9m escrevendo em um livro, um peixe mergulhando e um olho de H\u00f3rus.<\/p>\n\n\n\n<p><br>Para a base do padr\u00e3o crom\u00e1tico, combinamos o valor do amarelo com a seriedade e robustez do chumbo. Cores que, quando combinadas, representam o momento e a experi\u00eancia da Bidino &amp; T\u00f3rtima Advogados e que, por serem bastante diferentes daquelas utilizadas por seus principais concorrentes, garantem uma liga\u00e7\u00e3o sensorial e visual do escrit\u00f3rio com seus clientes. Os tons &#8211; que podem ser usados com 100%, 70% ou 50% de tonalidade &#8211; est\u00e3o devidamente ajustados para representar os principais elementos nessa rela\u00e7\u00e3o, contribuindo no reconhecimento da Marca por meio de sua identidade.<\/p>\n\n\n\n<figure class=\"wp-block-image size-large\"><img loading=\"lazy\" decoding=\"async\" width=\"1024\" height=\"295\" src=\"https:\/\/www.enterdesign.com.br\/blog\/wp-content\/uploads\/2022\/04\/Imagem-3-1024x295.png\" alt=\"\" class=\"wp-image-63\" srcset=\"https:\/\/www.enterdesign.com.br\/blog\/wp-content\/uploads\/2022\/04\/Imagem-3-1024x295.png 1024w, https:\/\/www.enterdesign.com.br\/blog\/wp-content\/uploads\/2022\/04\/Imagem-3-300x86.png 300w, https:\/\/www.enterdesign.com.br\/blog\/wp-content\/uploads\/2022\/04\/Imagem-3-768x221.png 768w, https:\/\/www.enterdesign.com.br\/blog\/wp-content\/uploads\/2022\/04\/Imagem-3-1536x442.png 1536w, https:\/\/www.enterdesign.com.br\/blog\/wp-content\/uploads\/2022\/04\/Imagem-3-2048x589.png 2048w, https:\/\/www.enterdesign.com.br\/blog\/wp-content\/uploads\/2022\/04\/Imagem-3-1568x451.png 1568w\" sizes=\"auto, (max-width: 1024px) 100vw, 1024px\" \/><\/figure>\n\n\n\n<p>Seguimos ent\u00e3o para a etapa do desenvolvimento do manual da marca, que define as diretrizes de utiliza\u00e7\u00e3o dela e garante a consist\u00eancia da identidade visual em todas as pe\u00e7as gr\u00e1ficas. Mas n\u00e3o paramos por a\u00ed. Em paralelo, iniciamos o processo de reestrutura\u00e7\u00e3o do site, que \u00e9 a porta de entrada do escrit\u00f3rio no meio digital.<\/p>\n\n\n\n<p><\/p>\n\n\n\n<figure class=\"wp-block-image size-large\"><img loading=\"lazy\" decoding=\"async\" width=\"1024\" height=\"578\" src=\"https:\/\/www.enterdesign.com.br\/blog\/wp-content\/uploads\/2022\/04\/Imagem-4-1024x578.png\" alt=\"\" class=\"wp-image-64\" srcset=\"https:\/\/www.enterdesign.com.br\/blog\/wp-content\/uploads\/2022\/04\/Imagem-4-1024x578.png 1024w, https:\/\/www.enterdesign.com.br\/blog\/wp-content\/uploads\/2022\/04\/Imagem-4-300x169.png 300w, https:\/\/www.enterdesign.com.br\/blog\/wp-content\/uploads\/2022\/04\/Imagem-4-768x433.png 768w, https:\/\/www.enterdesign.com.br\/blog\/wp-content\/uploads\/2022\/04\/Imagem-4-1536x867.png 1536w, https:\/\/www.enterdesign.com.br\/blog\/wp-content\/uploads\/2022\/04\/Imagem-4-2048x1156.png 2048w, https:\/\/www.enterdesign.com.br\/blog\/wp-content\/uploads\/2022\/04\/Imagem-4-1568x885.png 1568w\" sizes=\"auto, (max-width: 1024px) 100vw, 1024px\" \/><\/figure>\n\n\n\n<p><\/p>\n\n\n\n<p>Desenvolvemos tamb\u00e9m uma s\u00e9rie de produtos impressos, como cart\u00f5es de visita, envelopes e blocos de anota\u00e7\u00f5es. Fizemos quest\u00e3o de ir at\u00e9 a gr\u00e1fica escolher pessoalmente o papel com melhor gramatura e o processo de impress\u00e3o mais adequado, prestando sempre a aten\u00e7\u00e3o se as cores e texturas sa\u00edram do jeito que planejamos!<\/p>\n\n\n\n<p><\/p>\n\n\n\n<figure class=\"wp-block-image size-large\"><img loading=\"lazy\" decoding=\"async\" width=\"1024\" height=\"576\" src=\"https:\/\/www.enterdesign.com.br\/blog\/wp-content\/uploads\/2022\/04\/Imagem-5-1024x576.png\" alt=\"\" class=\"wp-image-65\" srcset=\"https:\/\/www.enterdesign.com.br\/blog\/wp-content\/uploads\/2022\/04\/Imagem-5-1024x576.png 1024w, https:\/\/www.enterdesign.com.br\/blog\/wp-content\/uploads\/2022\/04\/Imagem-5-300x169.png 300w, https:\/\/www.enterdesign.com.br\/blog\/wp-content\/uploads\/2022\/04\/Imagem-5-768x432.png 768w, https:\/\/www.enterdesign.com.br\/blog\/wp-content\/uploads\/2022\/04\/Imagem-5-1536x864.png 1536w, https:\/\/www.enterdesign.com.br\/blog\/wp-content\/uploads\/2022\/04\/Imagem-5-2048x1152.png 2048w, https:\/\/www.enterdesign.com.br\/blog\/wp-content\/uploads\/2022\/04\/Imagem-5-1568x882.png 1568w\" sizes=\"auto, (max-width: 1024px) 100vw, 1024px\" \/><\/figure>\n\n\n\n<p><\/p>\n\n\n\n<p>Com a Bidino &amp; T\u00f3rtima foi assim, e com voc\u00ea tamb\u00e9m pode ser! Quer saber como? \u00c9 s\u00f3 entrar em contato conosco!<\/p>\n","protected":false},"excerpt":{"rendered":"<p>Nosso trabalho consiste em garantir que a comunica\u00e7\u00e3o entre marca e p\u00fablico seja clara e alinhada ao impacto que uma empresa quer deixar no mundo. <\/p>\n","protected":false},"author":1,"featured_media":74,"comment_status":"open","ping_status":"open","sticky":false,"template":"","format":"standard","meta":{"footnotes":""},"categories":[2,3,13,23,24],"tags":[18,16,22,14,17,21,19,20,15],"class_list":["post-54","post","type-post","status-publish","format-standard","has-post-thumbnail","hentry","category-artigos","category-branding","category-identidade-visual","category-logo","category-site","tag-advogados","tag-design","tag-escritorio-de-advocacia","tag-identidade-visual","tag-juridico","tag-logo","tag-padrao-cromatico","tag-plataforma-de-marca","tag-publicidade","entry","col-sm-6 col-md-4 col-lg-4"],"_links":{"self":[{"href":"https:\/\/www.enterdesign.com.br\/blog\/wp-json\/wp\/v2\/posts\/54","targetHints":{"allow":["GET"]}}],"collection":[{"href":"https:\/\/www.enterdesign.com.br\/blog\/wp-json\/wp\/v2\/posts"}],"about":[{"href":"https:\/\/www.enterdesign.com.br\/blog\/wp-json\/wp\/v2\/types\/post"}],"author":[{"embeddable":true,"href":"https:\/\/www.enterdesign.com.br\/blog\/wp-json\/wp\/v2\/users\/1"}],"replies":[{"embeddable":true,"href":"https:\/\/www.enterdesign.com.br\/blog\/wp-json\/wp\/v2\/comments?post=54"}],"version-history":[{"count":4,"href":"https:\/\/www.enterdesign.com.br\/blog\/wp-json\/wp\/v2\/posts\/54\/revisions"}],"predecessor-version":[{"id":72,"href":"https:\/\/www.enterdesign.com.br\/blog\/wp-json\/wp\/v2\/posts\/54\/revisions\/72"}],"wp:featuredmedia":[{"embeddable":true,"href":"https:\/\/www.enterdesign.com.br\/blog\/wp-json\/wp\/v2\/media\/74"}],"wp:attachment":[{"href":"https:\/\/www.enterdesign.com.br\/blog\/wp-json\/wp\/v2\/media?parent=54"}],"wp:term":[{"taxonomy":"category","embeddable":true,"href":"https:\/\/www.enterdesign.com.br\/blog\/wp-json\/wp\/v2\/categories?post=54"},{"taxonomy":"post_tag","embeddable":true,"href":"https:\/\/www.enterdesign.com.br\/blog\/wp-json\/wp\/v2\/tags?post=54"}],"curies":[{"name":"wp","href":"https:\/\/api.w.org\/{rel}","templated":true}]}}