{"id":238,"date":"2025-03-28T13:25:36","date_gmt":"2025-03-28T16:25:36","guid":{"rendered":"https:\/\/www.enterdesign.com.br\/blog\/?p=238"},"modified":"2025-03-28T13:25:36","modified_gmt":"2025-03-28T16:25:36","slug":"a-responsabilidade-da-midia-na-era-do-marketing-informar-ou-atrair-audiencia-a-qualquer-custo","status":"publish","type":"post","link":"https:\/\/www.enterdesign.com.br\/blog\/2025\/03\/28\/a-responsabilidade-da-midia-na-era-do-marketing-informar-ou-atrair-audiencia-a-qualquer-custo\/","title":{"rendered":"A responsabilidade da m\u00eddia na era do marketing: informar ou atrair audi\u00eancia a qualquer custo?\u00a0"},"content":{"rendered":"\n<p>A m\u00eddia desempenha um papel crucial na dissemina\u00e7\u00e3o de informa\u00e7\u00f5es, com o poder de influenciar opini\u00f5es, moldar comportamentos e, em alguns casos, interferir diretamente no desenrolar de eventos. Contudo, essa responsabilidade deve ser exercida com cautela e \u00e9tica, especialmente em situa\u00e7\u00f5es delicadas que envolvem vidas humanas. Exemplos marcantes, como os casos de Elo\u00e1 Pimentel e Vit\u00f3ria Regina, ilustram os desafios \u00e9ticos enfrentados pela m\u00eddia e evidenciam as consequ\u00eancias da explora\u00e7\u00e3o midi\u00e1tica desmedida. Esses epis\u00f3dios nos convidam a refletir sobre os limites entre o dever de informar e a prote\u00e7\u00e3o da dignidade das v\u00edtimas, levantando debates urgentes sobre o papel social do jornalismo e do marketing.&nbsp;<\/p>\n\n\n\n<p><strong>Relembre os casos<\/strong>&nbsp;<\/p>\n\n\n\n<p>O caso de Elo\u00e1 Pimentel, em outubro de 2008, tornou-se um marco na hist\u00f3ria do jornalismo brasileiro. Elo\u00e1, de apenas 15 anos, foi mantida em c\u00e1rcere privado por cerca de 100 horas pelo ex-namorado Lindemberg Alves, que n\u00e3o aceitava o t\u00e9rmino do relacionamento. O sequestro foi amplamente transmitido pela m\u00eddia, com um programa de televis\u00e3o detalhando os acontecimentos ao vivo, diretamente do local. Em um momento pol\u00eamico, a apresentadora tentou negociar a soltura das ref\u00e9ns por telefone, ao vivo, um ato amplamente criticado por comprometer as negocia\u00e7\u00f5es policiais. O desfecho tr\u00e1gico resultou na morte de Elo\u00e1, causando como\u00e7\u00e3o nacional e levantando quest\u00f5es sobre os limites \u00e9ticos do jornalismo.&nbsp;<\/p>\n\n\n\n<figure class=\"wp-block-image size-large\"><img loading=\"lazy\" decoding=\"async\" width=\"1024\" height=\"427\" src=\"https:\/\/www.enterdesign.com.br\/blog\/wp-content\/uploads\/2025\/03\/ED-artigo-Imagem-1-1024x427.jpg\" alt=\"\" class=\"wp-image-239\" srcset=\"https:\/\/www.enterdesign.com.br\/blog\/wp-content\/uploads\/2025\/03\/ED-artigo-Imagem-1-1024x427.jpg 1024w, https:\/\/www.enterdesign.com.br\/blog\/wp-content\/uploads\/2025\/03\/ED-artigo-Imagem-1-300x125.jpg 300w, https:\/\/www.enterdesign.com.br\/blog\/wp-content\/uploads\/2025\/03\/ED-artigo-Imagem-1-768x320.jpg 768w, https:\/\/www.enterdesign.com.br\/blog\/wp-content\/uploads\/2025\/03\/ED-artigo-Imagem-1-1536x640.jpg 1536w, https:\/\/www.enterdesign.com.br\/blog\/wp-content\/uploads\/2025\/03\/ED-artigo-Imagem-1-1568x653.jpg 1568w, https:\/\/www.enterdesign.com.br\/blog\/wp-content\/uploads\/2025\/03\/ED-artigo-Imagem-1.jpg 1920w\" sizes=\"auto, (max-width: 1024px) 100vw, 1024px\" \/><\/figure>\n\n\n\n<p>De forma semelhante, o caso de Vit\u00f3ria Regina, de 17 anos, ocorrido em 2025, revelou os mesmos dilemas \u00e9ticos. Ap\u00f3s desaparecer em 26 de fevereiro, seu corpo foi encontrado dias depois, com sinais de viol\u00eancia extrema. Durante uma entrevista ao vivo com o pai da v\u00edtima, uma apresentadora revelou informa\u00e7\u00f5es sens\u00edveis sobre o suposto autor do crime, que o pai desconhecia at\u00e9 aquele momento. A abordagem foi considerada insens\u00edvel e inadequada, gerando cr\u00edticas intensas e reacendendo debates sobre o papel da m\u00eddia em situa\u00e7\u00f5es de trag\u00e9dia.\u00a0<\/p>\n\n\n\n<figure class=\"wp-block-image size-large\"><img loading=\"lazy\" decoding=\"async\" width=\"1024\" height=\"427\" src=\"https:\/\/www.enterdesign.com.br\/blog\/wp-content\/uploads\/2025\/03\/ED-artigo-Imagem-2-1024x427.jpg\" alt=\"\" class=\"wp-image-240\" srcset=\"https:\/\/www.enterdesign.com.br\/blog\/wp-content\/uploads\/2025\/03\/ED-artigo-Imagem-2-1024x427.jpg 1024w, https:\/\/www.enterdesign.com.br\/blog\/wp-content\/uploads\/2025\/03\/ED-artigo-Imagem-2-300x125.jpg 300w, https:\/\/www.enterdesign.com.br\/blog\/wp-content\/uploads\/2025\/03\/ED-artigo-Imagem-2-768x320.jpg 768w, https:\/\/www.enterdesign.com.br\/blog\/wp-content\/uploads\/2025\/03\/ED-artigo-Imagem-2-1536x640.jpg 1536w, https:\/\/www.enterdesign.com.br\/blog\/wp-content\/uploads\/2025\/03\/ED-artigo-Imagem-2-1568x653.jpg 1568w, https:\/\/www.enterdesign.com.br\/blog\/wp-content\/uploads\/2025\/03\/ED-artigo-Imagem-2.jpg 1920w\" sizes=\"auto, (max-width: 1024px) 100vw, 1024px\" \/><\/figure>\n\n\n\n<p>Esses exemplos exp\u00f5em a necessidade de sensibilidade e \u00e9tica em ve\u00edculos de comunica\u00e7\u00e3o, especialmente ao lidar com fam\u00edlias em luto. A transforma\u00e7\u00e3o de trag\u00e9dias em espet\u00e1culos midi\u00e1ticos gera sofrimento adicional \u00e0s v\u00edtimas e levanta a pergunta: at\u00e9 que ponto o dever de informar justifica a busca por audi\u00eancia?&nbsp;<\/p>\n\n\n\n<p><strong>Sensacionalismo em alta: o impacto do exagero na busca por cliques<\/strong>&nbsp;<\/p>\n\n\n\n<p>Em busca de audi\u00eancia e novos clientes, muitas marcas acabam deixando de lado princ\u00edpios \u00e9ticos, ultrapassando limites ao recorrer a fofocas ou ao sensacionalismo de temas extremamente violentos.&nbsp;<\/p>\n\n\n\n<p>Tanto no marketing quanto na m\u00eddia, o apelo \u00e0s emo\u00e7\u00f5es \u00e9 uma ferramenta poderosa. Assim como no jornalismo, o marketing tamb\u00e9m pode usar t\u00e1ticas sensacionalistas para promover produtos, criando hist\u00f3rias para se conectar com os consumidores. O verdadeiro problema reside no uso desse poder de sedu\u00e7\u00e3o para construir narrativas que prejudicam os outros, resultando em consequ\u00eancias negativas tanto para a marca quanto para os consumidores.&nbsp;<\/p>\n\n\n\n<p>Recentemente, uma marca de roupas crist\u00e3 lan\u00e7ou camisetas estampadas com duas m\u00e3os \u2013 uma de pele escura e outra clara \u2013 em contato, com a segunda apresentando marcas da primeira, acompanhadas da frase &#8216;n\u00e3o se contamine&#8217;. O design foi amplamente criticado por sua conota\u00e7\u00e3o racista, resultando na remo\u00e7\u00e3o do produto das prateleiras. Entretanto, antes disso, a marca enfrentou uma enxurrada de cr\u00edticas nas redes sociais, o que culminou em uma crise para sua reputa\u00e7\u00e3o.&nbsp;<\/p>\n\n\n\n<p>Outro exemplo cl\u00e1ssico de como uma simples a\u00e7\u00e3o pode impactar nos resultados da sua empresa \u00e9 o comercial de uma marca de cosm\u00e9ticos que trazia uma mulher negra \u201cse transformando\u201d em branca ap\u00f3s usar o produto. Naturalmente, a campanha foi acusada de racismo e retirada do ar.&nbsp;&nbsp;<\/p>\n\n\n\n<p>Esses casos demonstram como a\u00e7\u00f5es mal planejadas podem ter consequ\u00eancias severas, destacando a import\u00e2ncia de considerar o contexto social, cultural e hist\u00f3rico ao criar campanhas, al\u00e9m de antecipar poss\u00edveis interpreta\u00e7\u00f5es negativas. A revis\u00e3o cuidadosa, com um olhar cr\u00edtico e hol\u00edstico, \u00e9 essencial para evitar mal-entendidos e mensagens ofensivas. Quando falhas desse tipo ocorrem, os danos \u00e0 reputa\u00e7\u00e3o de uma marca podem ser profundos e duradouros, exigindo um esfor\u00e7o significativo para reconquistar a confian\u00e7a do p\u00fablico. Em algumas ocasi\u00f5es, essas tentativas falham, resultando na perda de relev\u00e2ncia da marca no mercado ou, em casos mais graves, no encerramento de suas atividades.&nbsp;<\/p>\n\n\n\n<p>Planejar com sensibilidade e \u00e9tica n\u00e3o \u00e9 apenas uma estrat\u00e9gia; \u00e9 um compromisso que deve estar no centro das decis\u00f5es de marcas e ve\u00edculos de comunica\u00e7\u00e3o. No marketing e no jornalismo, o impacto positivo \u00e9 alcan\u00e7ado quando mensagens e a\u00e7\u00f5es respeitam a dignidade humana, fortalecendo conex\u00f5es aut\u00eanticas com o p\u00fablico.&nbsp;<\/p>\n\n\n\n<p>\u00c9 essencial que a comunica\u00e7\u00e3o entre marcas, consumidores e ve\u00edculos de not\u00edcia seja pautada pela verdade, combatendo a dissemina\u00e7\u00e3o de <em>fake news<\/em> e propaganda enganosa. No Brasil, o C\u00f3digo de Defesa do Consumidor (CDC) determina a proibi\u00e7\u00e3o de qualquer publicidade considerada enganosa ou abusiva. J\u00e1 a dissemina\u00e7\u00e3o de not\u00edcias falsas \u00e9 tema do Projeto de Lei 2630\/2020, atualmente em tramita\u00e7\u00e3o, que busca regulamentar a divulga\u00e7\u00e3o de informa\u00e7\u00f5es inver\u00eddicas em redes sociais e servi\u00e7os de mensagens instant\u00e2neas, embora sua proposta gere debates. Vale destacar que h\u00e1 uma diferen\u00e7a crucial entre liberdade de express\u00e3o e a propaga\u00e7\u00e3o de mentiras.&nbsp;<\/p>\n\n\n\n<p>No fim das contas, o marketing \u00e9tico vai al\u00e9m de estrat\u00e9gias pontuais: \u00e9 uma filosofia que permeia todas as decis\u00f5es da marca. Quando as empresas colocam a \u00e9tica no centro de suas a\u00e7\u00f5es, criam conex\u00f5es mais profundas e duradouras com seus consumidores, gerando impacto positivo na sociedade como um todo. Afinal, a credibilidade e a confian\u00e7a do p\u00fablico s\u00e3o conquistadas pela integridade, e n\u00e3o pelo sensacionalismo.&nbsp;<\/p>\n","protected":false},"excerpt":{"rendered":"<p>A m\u00eddia desempenha um papel crucial na dissemina\u00e7\u00e3o de informa\u00e7\u00f5es, com o poder de influenciar opini\u00f5es, moldar comportamentos e, em alguns casos, interferir diretamente no desenrolar de eventos. Contudo, essa responsabilidade deve ser exercida com cautela e \u00e9tica, especialmente em situa\u00e7\u00f5es delicadas que envolvem vidas humanas. Exemplos marcantes, como os casos de Elo\u00e1 Pimentel e&hellip; <a class=\"more-link\" href=\"https:\/\/www.enterdesign.com.br\/blog\/2025\/03\/28\/a-responsabilidade-da-midia-na-era-do-marketing-informar-ou-atrair-audiencia-a-qualquer-custo\/\">Continuar lendo <span class=\"screen-reader-text\">A responsabilidade da m\u00eddia na era do marketing: informar ou atrair audi\u00eancia a qualquer custo?\u00a0<\/span><\/a><\/p>\n","protected":false},"author":4,"featured_media":241,"comment_status":"open","ping_status":"open","sticky":false,"template":"","format":"standard","meta":{"footnotes":""},"categories":[1],"tags":[],"class_list":["post-238","post","type-post","status-publish","format-standard","has-post-thumbnail","hentry","category-outros","entry","col-sm-6 col-md-4 col-lg-4"],"_links":{"self":[{"href":"https:\/\/www.enterdesign.com.br\/blog\/wp-json\/wp\/v2\/posts\/238","targetHints":{"allow":["GET"]}}],"collection":[{"href":"https:\/\/www.enterdesign.com.br\/blog\/wp-json\/wp\/v2\/posts"}],"about":[{"href":"https:\/\/www.enterdesign.com.br\/blog\/wp-json\/wp\/v2\/types\/post"}],"author":[{"embeddable":true,"href":"https:\/\/www.enterdesign.com.br\/blog\/wp-json\/wp\/v2\/users\/4"}],"replies":[{"embeddable":true,"href":"https:\/\/www.enterdesign.com.br\/blog\/wp-json\/wp\/v2\/comments?post=238"}],"version-history":[{"count":1,"href":"https:\/\/www.enterdesign.com.br\/blog\/wp-json\/wp\/v2\/posts\/238\/revisions"}],"predecessor-version":[{"id":242,"href":"https:\/\/www.enterdesign.com.br\/blog\/wp-json\/wp\/v2\/posts\/238\/revisions\/242"}],"wp:featuredmedia":[{"embeddable":true,"href":"https:\/\/www.enterdesign.com.br\/blog\/wp-json\/wp\/v2\/media\/241"}],"wp:attachment":[{"href":"https:\/\/www.enterdesign.com.br\/blog\/wp-json\/wp\/v2\/media?parent=238"}],"wp:term":[{"taxonomy":"category","embeddable":true,"href":"https:\/\/www.enterdesign.com.br\/blog\/wp-json\/wp\/v2\/categories?post=238"},{"taxonomy":"post_tag","embeddable":true,"href":"https:\/\/www.enterdesign.com.br\/blog\/wp-json\/wp\/v2\/tags?post=238"}],"curies":[{"name":"wp","href":"https:\/\/api.w.org\/{rel}","templated":true}]}}