{"id":196,"date":"2023-12-11T12:52:28","date_gmt":"2023-12-11T15:52:28","guid":{"rendered":"https:\/\/www.enterdesign.com.br\/blog\/?p=196"},"modified":"2023-12-11T12:52:29","modified_gmt":"2023-12-11T15:52:29","slug":"como-a-ia-vai-impactar-o-mercado-criativo","status":"publish","type":"post","link":"https:\/\/www.enterdesign.com.br\/blog\/2023\/12\/11\/como-a-ia-vai-impactar-o-mercado-criativo\/","title":{"rendered":"Como a IA vai impactar o mercado criativo\u00a0"},"content":{"rendered":"\n<p>Esse artigo n\u00e3o foi feito por IA. Mas bem que poderia. Afinal, a ferramenta est\u00e1 abra\u00e7ando in\u00fameras fun\u00e7\u00f5es e j\u00e1 chegou ao mercado criativo. Sejam nas imagens, textos, e at\u00e9 mesmo nas vozes criadas, esta nova tecnologia abriu um caminho de oportunidades. Mas a pergunta que fica \u00e9: quais s\u00e3o elas?\u00a0<\/p>\n\n\n\n<p>Para alguns profissionais ela j\u00e1 \u00e9 uma ferramenta de aux\u00edlio e otimiza\u00e7\u00e3o, j\u00e1 que caminha lado a lado com as suas estrat\u00e9gias. Para outros, ela \u00e9 considerada uma amea\u00e7a futura e pode reduzir a fatia empregat\u00edcia, por ser eficiente e r\u00e1pida, e mais barata do que um especialista.&nbsp;<\/p>\n\n\n\n<p>Mas voc\u00ea j\u00e1 parou para pensar sobre isso? N\u00f3s sim. Por isso, resolvemos conversar com o nosso time, e entender as percep\u00e7\u00f5es de cada um sobre as influ\u00eancias e os impactos da intelig\u00eancia artificial sobre o mercado de design, comunica\u00e7\u00e3o e marketing. E diante de uma diversidade riqu\u00edssima de pensamentos sobre o tema, decidimos compartilhar com voc\u00eas os pensamentos dos especialistas de diversas \u00e1reas da nossa equipe. Confira abaixo:\u00a0<\/p>\n\n\n\n<p><\/p>\n\n\n\n<p><strong>Maur\u00edcio Abrah\u00e3o \u2013 CEO EnterDesign e especialista em Branding<\/strong>\u00a0<\/p>\n\n\n\n<p>&#8220;<em>Eu entendo que o AI vem para contribuir e revolucionar o mercado de publicidade.\u202f N\u00e3o posso afirmar que ser\u00e1 positivo ou negativo pois tudo depende de como ser\u00e1 utilizado.\u202f Acredito que o trabalho mais manual e repetitivo, que n\u00e3o requer criatividade, ser\u00e1 substitu\u00eddo por AI. \u202f Os criativos agora ter\u00e3o mais tempo para pensar no conceito, na ideia, na inova\u00e7\u00e3o e na representa\u00e7\u00e3o disso.\u202f O foco dos profissionais vir\u00e1 antes da diagrama\u00e7\u00e3o, do texto e da programa\u00e7\u00e3o, que passar\u00e1 a ter uma contribui\u00e7\u00e3o mais significativa de AI. \u202f Como em todos os segmentos da ind\u00fastria, o trabalho que hoje e antes era feito de forma rob\u00f3tica e processual por uma pessoa, passar\u00e1 a ser feito por uma m\u00e1quina. \u202f Vamos ver n\u00e9?&#8221;\u202f\u202f<\/em>\u00a0<\/p>\n\n\n\n<p><\/p>\n\n\n\n<p><strong>Luis Felipe \u2013 Designer Gr\u00e1fico e Editorial<\/strong><\/p>\n\n\n\n<p>&#8220;<em>Pelo que eu tenho percebido at\u00e9 agora, a IA aparece como um motor de criatividade e novas possibilidades para cria\u00e7\u00e3o. \u00c9 muito interessante e divertido passar um tempo explorando algumas ferramentas do Photoshop 2024 ou o criador de imagens da Bing, por exemplo. Aos poucos vamos entendendo a l\u00f3gica deles (ou achando que entendemos), e expandimos nossa mente com novas formas (algumas pitorescas, \u00e9 verdade), estilos e ideias. Por\u00e9m, um ponto importante a considerar \u00e9 que a IA n\u00e3o existe sozinha. \u00c9 quase sempre necess\u00e1rio que o usu\u00e1rio manipule alguma imagem gerada por IA, seja para acertar alguns pequenos detalhes ou para us\u00e1-la de base para uma cria\u00e7\u00e3o maior. Ent\u00e3o n\u00e3o sinto que o futuro dos designers esteja de alguma forma amea\u00e7ado, nem dos designers e nem de nenhuma outra profiss\u00e3o. A IA \u00e9 apenas mais uma ferramenta de cria\u00e7\u00e3o. Mas atr\u00e1s de tudo, existe sempre um ser humano conduzindo os processos, modificando, aperfei\u00e7oando.&#8221;<\/em><\/p>\n\n\n\n<p><\/p>\n\n\n\n<p><strong>Jadh Andrade \u2013 Treinee em Comunica\u00e7\u00e3o e Atendimento<\/strong>\u00a0<\/p>\n\n\n\n<p>&#8220;<em>Acredito que a IA, assim como o Metaverso em seu in\u00edcio, est\u00e1 passando por momentos de descobertas e aprendizados, tanto dos usu\u00e1rios quanto das pr\u00f3prias m\u00e1quinas, o que gera medo e inseguran\u00e7a. Mas depois que a \u201cpoeira baixar\u201d, os usos pr\u00e1ticos dessa tecnologia v\u00e3o se tornar mais claros, e sua integra\u00e7\u00e3o no mercado tamb\u00e9m.&#8221;\u202f\u00a0<\/em><\/p>\n\n\n\n<p><\/p>\n\n\n\n<p><strong>Madeira \u2013 CEO 02Criativa e Designer\u00a0<\/strong><\/p>\n\n\n\n<p>&#8220;<em>Ao contr\u00e1rio do que os medrosos dizem quando falam que a IA vai tomar conta do mercado, extinguir os empregos da \u00e1rea criativa e etc, eu acredito que ela j\u00e1 est\u00e1 a\u00ed e deve ser usada para melhorar ainda mais a nossa criatividade, nos deixar mais profundos e com maior conhecimento em diversas \u00e1reas. Com a IA podemos criar imagens com maior qualidade e menos tempo para construirmos as pe\u00e7as que queremos em nossa comunica\u00e7\u00e3o. Podemos ter mais liberdade e menos depend\u00eancia sobre banco de imagens, sobre posicionamento de c\u00e2meras e tudo mais. Pensando pelo lado redator, a IA tamb\u00e9m chega para ajudar, tanto na corre\u00e7\u00e3o de textos, quanto na cria\u00e7\u00e3o de insumos para novos conte\u00fados que estamos fazendo. Ao inv\u00e9s de pesquisar todo o conte\u00fado, porque n\u00e3o orientar a IA para trazer o conte\u00fado espec\u00edfico necess\u00e1rio e que o redator v\u00e1 pin\u00e7ar o que \u00e9 importante e adicionar ao texto &#8211; COM ALMA\u202f do cliente &#8211; que ele est\u00e1 fazendo?\u00a0<\/em>&#8220;<\/p>\n\n\n\n<p><\/p>\n\n\n\n<p><strong>Thatyana Cavalcanti &#8211; Webdesigner\u00a0<\/strong><\/p>\n\n\n\n<p>&#8220;<em>Eu tenho visto a IA de forma positiva, at\u00e9 ent\u00e3o. Para mim, ela serve como uma aliada, uma facilitadora que auxilia em diversos aspectos. N\u00e3o acredito que seu impacto por enquanto ser\u00e1 negativo, apesar de toda a sua capacidade, as intelig\u00eancias artificiais s\u00e3o limitadas e ainda trabalham a partir de probabilidades, al\u00e9m de dependerem do ser humano para gerar a primeira linha de comando. Acredito que por ser uma \u201cnovidade\u201d as IAs ainda causem estranhamento e receio, por\u00e9m, como a maioria das coisas na vida, \u00e9 uma quest\u00e3o de adapta\u00e7\u00e3o.&#8221;\u202f\u00a0<\/em><\/p>\n\n\n\n<p><\/p>\n\n\n\n<p><strong>Gabi Crizzio \u2013 Estrategista de conte\u00fado e Redatora\u00a0<\/strong><\/p>\n\n\n\n<p>&#8220;<em>Assim como toda inova\u00e7\u00e3o que causa grande impacto, principalmente em processos produtivos e din\u00e2micas de trabalho, a IA ainda \u00e9 vista com temeridade pela maioria das pessoas e das empresas. Eu acredito que falar sobre este recurso j\u00e1 n\u00e3o \u00e9 mais falar sobre o futuro, mas sobre o presente. A OPEN IA abriu o debate de forma escancarada e nos trouxe a possibilidade de usarmos a intelig\u00eancia artificial como ferramenta para otimizar processos. Acredito sim que, em 5 ou 10 anos, algumas fun\u00e7\u00f5es sofram desvaloriza\u00e7\u00e3o ou at\u00e9 desapare\u00e7am com o avan\u00e7o da tecnologia, no entanto, o fator humano em uma cabe\u00e7a pensante ainda \u00e9 algo que s\u00f3 n\u00f3s temos, e esse \u00e9 o nosso maior diferencial.&#8221;\u00a0\u00a0<\/em><\/p>\n\n\n\n<p><\/p>\n\n\n\n<p><strong>Evelyn Costa \u2013 Gestora de tr\u00e1fego e Analista de Marketing\u00a0<\/strong>\u00a0<\/p>\n\n\n\n<p><em>&#8220;Dentro da quest\u00e3o da performance e an\u00e1lise de dados, a IA j\u00e1 \u00e9 uma ferramenta fundamental h\u00e1 algum tempo, no cruzamento de informa\u00e7\u00f5es, coleta de dados e segmenta\u00e7\u00f5es. Entendo a Intelig\u00eancia artificial como uma aceleradora de processos, pronta para ser uma ferramenta altamente poderosa, aliada \u00e0 Intelig\u00eancia humana.\u00a0\u00a0N\u00e3o a vejo como algo amea\u00e7ador, mas sim como a \u201ccereja do bolo\u201d do trabalho criativo e anal\u00edtico, fomentando a ideia dos especialistas e os comandos gerados por quem realmente pensa toda a estrat\u00e9gia.&#8221;\u00a0\u00a0<\/em><\/p>\n\n\n\n<p><\/p>\n\n\n\n<p>Mas e voc\u00ea? Qual a sua percep\u00e7\u00e3o sobre tudo isso?&nbsp;<\/p>\n\n\n\n<p>Aqui, acreditamos que o futuro j\u00e1 chegou e cabe a n\u00f3s aproveit\u00e1-lo da melhor forma.&nbsp;&nbsp;<\/p>\n","protected":false},"excerpt":{"rendered":"<p>Esse artigo n\u00e3o foi feito por IA. Mas bem que poderia. Afinal, a ferramenta est\u00e1 abra\u00e7ando in\u00fameras fun\u00e7\u00f5es e j\u00e1 chegou ao mercado criativo. Sejam nas imagens, textos, e at\u00e9 mesmo nas vozes criadas, esta nova tecnologia abriu um caminho de oportunidades. Mas a pergunta que fica \u00e9: quais s\u00e3o elas?\u00a0 Para alguns profissionais ela&hellip; <a class=\"more-link\" href=\"https:\/\/www.enterdesign.com.br\/blog\/2023\/12\/11\/como-a-ia-vai-impactar-o-mercado-criativo\/\">Continuar lendo <span class=\"screen-reader-text\">Como a IA vai impactar o mercado criativo\u00a0<\/span><\/a><\/p>\n","protected":false},"author":1,"featured_media":197,"comment_status":"open","ping_status":"open","sticky":false,"template":"","format":"standard","meta":{"footnotes":""},"categories":[2,47,69,43,4,11,38],"tags":[16,70,71,72,15,74],"class_list":["post-196","post","type-post","status-publish","format-standard","has-post-thumbnail","hentry","category-artigos","category-comunicacao","category-inteligencia-artificial","category-marketing","category-marketing-digital","category-mercado","category-midias-sociais","tag-design","tag-ia","tag-inteligenciaartificial","tag-mercadocriativo","tag-publicidade","tag-redacaopublicitaria","entry","col-sm-6 col-md-4 col-lg-4"],"_links":{"self":[{"href":"https:\/\/www.enterdesign.com.br\/blog\/wp-json\/wp\/v2\/posts\/196","targetHints":{"allow":["GET"]}}],"collection":[{"href":"https:\/\/www.enterdesign.com.br\/blog\/wp-json\/wp\/v2\/posts"}],"about":[{"href":"https:\/\/www.enterdesign.com.br\/blog\/wp-json\/wp\/v2\/types\/post"}],"author":[{"embeddable":true,"href":"https:\/\/www.enterdesign.com.br\/blog\/wp-json\/wp\/v2\/users\/1"}],"replies":[{"embeddable":true,"href":"https:\/\/www.enterdesign.com.br\/blog\/wp-json\/wp\/v2\/comments?post=196"}],"version-history":[{"count":1,"href":"https:\/\/www.enterdesign.com.br\/blog\/wp-json\/wp\/v2\/posts\/196\/revisions"}],"predecessor-version":[{"id":198,"href":"https:\/\/www.enterdesign.com.br\/blog\/wp-json\/wp\/v2\/posts\/196\/revisions\/198"}],"wp:featuredmedia":[{"embeddable":true,"href":"https:\/\/www.enterdesign.com.br\/blog\/wp-json\/wp\/v2\/media\/197"}],"wp:attachment":[{"href":"https:\/\/www.enterdesign.com.br\/blog\/wp-json\/wp\/v2\/media?parent=196"}],"wp:term":[{"taxonomy":"category","embeddable":true,"href":"https:\/\/www.enterdesign.com.br\/blog\/wp-json\/wp\/v2\/categories?post=196"},{"taxonomy":"post_tag","embeddable":true,"href":"https:\/\/www.enterdesign.com.br\/blog\/wp-json\/wp\/v2\/tags?post=196"}],"curies":[{"name":"wp","href":"https:\/\/api.w.org\/{rel}","templated":true}]}}