{"id":129,"date":"2023-01-06T11:55:59","date_gmt":"2023-01-06T14:55:59","guid":{"rendered":"https:\/\/www.enterdesign.com.br\/blog\/?p=129"},"modified":"2023-01-06T11:56:00","modified_gmt":"2023-01-06T14:56:00","slug":"por-que-comunicacao-integrada","status":"publish","type":"post","link":"https:\/\/www.enterdesign.com.br\/blog\/2023\/01\/06\/por-que-comunicacao-integrada\/","title":{"rendered":"Por que Comunica\u00e7\u00e3o Integrada?"},"content":{"rendered":"\n<p>Pesquisando \u201ccomunica\u00e7\u00e3o integrada\u201d na web, percebemos que diversas empresas, que organizam e promovem eventos, empresas de assessoria de imprensa, de rela\u00e7\u00f5es p\u00fablicas, de publicidade, de marketing, de cria\u00e7\u00e3o, entre outras, com abordagens diferentes, utilizam o termo para definir a sua linha de atua\u00e7\u00e3o e resumir o conjunto de servi\u00e7os que oferecem para o mercado.<\/p>\n\n\n\n<p>Aqui na EnterDesign, entendemos que Comunica\u00e7\u00e3o Integrada \u00e9 o conjunto de a\u00e7\u00f5es de comunica\u00e7\u00e3o e marketing realizadas por uma marca para utilizar a mesma abordagem e planejamento estrat\u00e9gico em todas as m\u00eddias trabalhadas, a fim de atingir os objetivos definidos. Ou seja, a comunica\u00e7\u00e3o integrada possibilita que o p\u00fablico vivencie a mesma experi\u00eancia e tenha a mesma percep\u00e7\u00e3o em todos os pontos de contato que a marca estabelece com ele.<\/p>\n\n\n\n<p>N\u00e3o importando os fatores envolvidos e\/ou dos mecanismos utilizados para gerar o relacionamento da marca, o entendimento do p\u00fablico n\u00e3o deve mudar. A percep\u00e7\u00e3o da marca tem que ser a mesma, independentemente se a pessoa teve contato com ela por um folder distribu\u00eddo na rua, por um an\u00fancio na internet, por um outdoor, por um e-mail marketing, por uma liga\u00e7\u00e3o recebida pela empresa etc. Com o mercado altamente competitivo que temos hoje, \u00e9 preciso tra\u00e7ar estrat\u00e9gias e a\u00e7\u00f5es associadas \u00e0 for\u00e7a da marca para se destacar.<\/p>\n\n\n\n<p>Visando atingir integra\u00e7\u00e3o, unidade e destaque, \u00e9 importante analisar de forma integrada e unificada as a\u00e7\u00f5es no site, nas m\u00eddias sociais, nos an\u00fancios on-line e off-line, em participa\u00e7\u00f5es de feiras e eventos, e, claro, no atendimento da empresa ao p\u00fablico e na equipe comercial.<\/p>\n\n\n\n<p>Assim como, tamb\u00e9m, a comunica\u00e7\u00e3o interna da empresa precisa ser integrada \u00e0 externa, alinhando a percep\u00e7\u00e3o de todos que t\u00eam contato com ela. A equipe que trabalha em prol da marca \u00e9 o primeiro \u201ccliente\u201d a ser conquistado. Participa\u00e7\u00e3o e entendimento s\u00e3o fundamentais. Se a equipe n\u00e3o entende a cultura da empresa e os seus objetivos, tenha certeza que o mercado tamb\u00e9m n\u00e3o entender\u00e1. Os membros que comp\u00f5em a equipe ser\u00e3o as primeiras pessoas a divulgar. Al\u00e9m disso, estas pessoas possuem, teoricamente, muito interesse que esta marca tenha sucesso, pois representa, consequentemente, o seu pr\u00f3prio sucesso.<\/p>\n\n\n\n<p>A EnterDesign \u00e9 uma empresa de Comunica\u00e7\u00e3o Integrada que desenvolve solu\u00e7\u00f5es de divulga\u00e7\u00e3o de marcas, produtos e servi\u00e7os. Com pensamento criativo, inovador e focado em solu\u00e7\u00e3o, encontramos formas eficazes, sustent\u00e1veis e de longo alcance para criar e manter rela\u00e7\u00f5es B2B e B2C.<\/p>\n\n\n\n<p>S\u00e3o 21 anos com foco em solu\u00e7\u00f5es personalizadas e excel\u00eancia no atendimento.&nbsp; Desenvolvemos projetos para clientes de diferentes setores do mercado, tais como: \u00f3leo &amp; g\u00e1s, log\u00edstica, transporte, cultura, consultoria, advocacia, telecomunica\u00e7\u00f5es, treinamentos, educa\u00e7\u00e3o e pesquisa.<\/p>\n\n\n\n<p>E para isso, estudamos e entendemos o mercado de cada marca para promover a\u00e7\u00f5es focadas no seu p\u00fablico alvo, para criar de forma integrada as estrat\u00e9gias e as a\u00e7\u00f5es de comunica\u00e7\u00e3o e marketing.<\/p>\n","protected":false},"excerpt":{"rendered":"<p>Pesquisando \u201ccomunica\u00e7\u00e3o integrada\u201d na web, percebemos que diversas empresas, que organizam e promovem eventos, empresas de assessoria de imprensa, de rela\u00e7\u00f5es p\u00fablicas, de publicidade, de marketing, de cria\u00e7\u00e3o, entre outras, com abordagens diferentes, utilizam o termo para definir a sua linha de atua\u00e7\u00e3o e resumir o conjunto de servi\u00e7os que oferecem para o mercado. Aqui&hellip; <a class=\"more-link\" href=\"https:\/\/www.enterdesign.com.br\/blog\/2023\/01\/06\/por-que-comunicacao-integrada\/\">Continuar lendo <span class=\"screen-reader-text\">Por que Comunica\u00e7\u00e3o Integrada?<\/span><\/a><\/p>\n","protected":false},"author":1,"featured_media":130,"comment_status":"open","ping_status":"open","sticky":false,"template":"","format":"standard","meta":{"footnotes":""},"categories":[2,3,47,29,43,4,38],"tags":[10,48,42,16,44,33,9,49,15,28],"class_list":["post-129","post","type-post","status-publish","format-standard","has-post-thumbnail","hentry","category-artigos","category-branding","category-comunicacao","category-marca","category-marketing","category-marketing-digital","category-midias-sociais","tag-branding","tag-comunicacaointegrada","tag-conteudo","tag-design","tag-endomarketing","tag-estrategia","tag-marca","tag-planejamento","tag-publicidade","tag-resultado","entry","col-sm-6 col-md-4 col-lg-4"],"_links":{"self":[{"href":"https:\/\/www.enterdesign.com.br\/blog\/wp-json\/wp\/v2\/posts\/129","targetHints":{"allow":["GET"]}}],"collection":[{"href":"https:\/\/www.enterdesign.com.br\/blog\/wp-json\/wp\/v2\/posts"}],"about":[{"href":"https:\/\/www.enterdesign.com.br\/blog\/wp-json\/wp\/v2\/types\/post"}],"author":[{"embeddable":true,"href":"https:\/\/www.enterdesign.com.br\/blog\/wp-json\/wp\/v2\/users\/1"}],"replies":[{"embeddable":true,"href":"https:\/\/www.enterdesign.com.br\/blog\/wp-json\/wp\/v2\/comments?post=129"}],"version-history":[{"count":1,"href":"https:\/\/www.enterdesign.com.br\/blog\/wp-json\/wp\/v2\/posts\/129\/revisions"}],"predecessor-version":[{"id":131,"href":"https:\/\/www.enterdesign.com.br\/blog\/wp-json\/wp\/v2\/posts\/129\/revisions\/131"}],"wp:featuredmedia":[{"embeddable":true,"href":"https:\/\/www.enterdesign.com.br\/blog\/wp-json\/wp\/v2\/media\/130"}],"wp:attachment":[{"href":"https:\/\/www.enterdesign.com.br\/blog\/wp-json\/wp\/v2\/media?parent=129"}],"wp:term":[{"taxonomy":"category","embeddable":true,"href":"https:\/\/www.enterdesign.com.br\/blog\/wp-json\/wp\/v2\/categories?post=129"},{"taxonomy":"post_tag","embeddable":true,"href":"https:\/\/www.enterdesign.com.br\/blog\/wp-json\/wp\/v2\/tags?post=129"}],"curies":[{"name":"wp","href":"https:\/\/api.w.org\/{rel}","templated":true}]}}